{"id":1364,"date":"2021-08-25T00:16:34","date_gmt":"2021-08-24T21:16:34","guid":{"rendered":"http:\/\/mehmetmumcu.com\/?p=1364"},"modified":"2022-01-22T00:36:54","modified_gmt":"2022-01-21T21:36:54","slug":"sevmiyorum","status":"publish","type":"post","link":"https:\/\/mehmetmumcu.com\/?p=1364","title":{"rendered":"SEVM\u0130YORUM"},"content":{"rendered":"\n<p>\u0130nsan ay\u0131rt etmek, ya da sevmemek bir&nbsp;tercih&nbsp;midir, yoksa baz\u0131lar\u0131 sadece insan canl\u0131s\u0131 olam\u0131yor mu.? Ya da insanlar bozuldumu..? A\u00e7 g\u00f6zl\u00fcler mi, vicdans\u0131zlarm\u0131, iki y\u00fczl\u00fclermi, hadsizlermi, \u00e7\u0131karc\u0131larm\u0131, bencillermi, d\u00fc\u015f\u00fcncesizlermi, k\u00f6t\u00fc niyetlilermi, hainlermi, k\u0131skan\u00e7larm\u0131, vah\u015filermi, \u00e7okmu h\u0131rsl\u0131lar, fesatlarm\u0131, \u00e7irkeflermi, \u015fuursuzlarm\u0131.?  Tart\u0131\u015f\u0131l\u0131r bir konu&#8230; Fakat g\u00fcn\u00fcm\u00fczde ya\u015fananlar\u0131, ya\u015fat\u0131lanlar\u0131 g\u00f6z \u00f6n\u00fcne al\u0131rsak insan\u0131n, pek de sevilesi bir varl\u0131k olmad\u0131\u011f\u0131n\u0131 art\u0131k kabul etmek laz\u0131m. \u0130nsan sevmediklerini de a\u00e7\u0131k\u00e7a dile getirebilmeli diye d\u00fc\u015f\u00fcn\u00fcyorum.. Kimse kimseyi sevmek zorunda da de\u011fil, sevmemekte insani bir duygu&#8230; Ben sevmedi\u011fim insanlar\u0131 a\u00e7\u0131k, a\u00e7\u0131k s\u00f6yl\u00fcyorum, herkese de tavsiye ederim insan rahatl\u0131yor. Sevmedi\u011finiz, i\u00e7inizin almad\u0131\u011f\u0131 hi\u00e7 bir \u015feyi i\u00e7inizde tutmay\u0131n payla\u015f\u0131n, sonra onlar size tansiyon, \u015feker, stres, hastal\u0131k olarak geri d\u00f6ner dikkat etmek laz\u0131m.. <\/p>\n\n\n\n<p> Sevmedi\u011fim o kadar \u00e7ok insan varm\u0131\u015f ki , yaz  yaz bitmiyor , ama ben ilk 20 ye toplumun tan\u0131d\u0131\u011f\u0131 en \u00e7ok sevmedi\u011fim ki\u015fileri yazmay\u0131 tercih ettim baya\u011f\u0131da zorland\u0131m.. Ba\u015fka  zaman da toplumun tan\u0131mad\u0131klar\u0131n\u0131 yazar\u0131m belki.!!<\/p>\n\n\n\n<p><strong>Top 20 listem..<\/strong>.<\/p>\n\n\n\n<p> 01    S\u00fcleyman Soylu            <\/p>\n\n\n\n<p>02     B\u00fclent Ar\u0131n\u00e7<\/p>\n\n\n\n<p>03     \u0130brahim Tatl\u0131ses<\/p>\n\n\n\n<p>04    Melih G\u00f6k\u00e7ek<\/p>\n\n\n\n<p>05    Tevfik G\u00f6ksu  ( Esenler belediye ba\u015fkan\u0131 )<\/p>\n\n\n\n<p>06    Mustafa Sar\u0131g\u00fcl<\/p>\n\n\n\n<p>07    Devlet Bah\u00e7eli<\/p>\n\n\n\n<p>08    Nagehan Al\u00e7\u0131 <\/p>\n\n\n\n<p>09    Do\u011fu Perin\u00e7ek<\/p>\n\n\n\n<p>10    Erman Toro\u011flu<\/p>\n\n\n\n<p>11    Fatih Terim<\/p>\n\n\n\n<p>12    H\u00fclya Ko\u00e7yi\u011fit<\/p>\n\n\n\n<p>13    Nusret G\u00f6k\u00e7e<\/p>\n\n\n\n<p>14    Prof.Dr Ali Erba\u015f ( Diyanet i\u015fleri Ba\u015fk ) <\/p>\n\n\n\n<p>15    Binali Y\u0131ld\u0131r\u0131m<\/p>\n\n\n\n<p>16    Ahmet Davuto\u011flu <\/p>\n\n\n\n<p>17    B\u00fclent Ersoy<\/p>\n\n\n\n<p>18    Rasim Ozan K\u00fctahyal\u0131 <\/p>\n\n\n\n<p>19    Recep Tayyip Erdo\u011fan<\/p>\n\n\n\n<p>20    Mehmet Boynu Kal\u0131n ( Eski Ayasofya \u0130mam\u0131 )     <\/p>\n\n\n\n<p> <\/p>\n\n\n\n<p>Buyurun, biraz insan al\u0131r m\u0131s\u0131n\u0131z?&#8221; diye sorsalar, insan\u0131n i\u00e7inden, ellerini ikram edilen b\u00f6re\u011fi reddedermi\u015f gibi kald\u0131r\u0131p &#8220;Sa\u011f ol can\u0131m, ben insan seviyorum almayay\u0131m demek geliyor&#8230;  <\/p>\n\n\n\n<p>25. A\u011fustos. 2021  \u0130STANBUL  <\/p>\n\n\n\n<p><\/p>\n\n\n\n<p><\/p>\n\n\n\n<p><\/p>\n\n\n\n<p><\/p>\n\n\n\n<p><\/p>\n\n\n\n<p><\/p>\n\n\n\n<p><\/p>\n\n\n\n<p><\/p>\n\n\n\n<p><\/p>\n\n\n\n<p><\/p>\n\n\n\n<p> <\/p>\n\n\n\n<p><\/p>\n\n\n\n<p><\/p>\n\n\n\n<p><\/p>\n","protected":false},"excerpt":{"rendered":"<p>\u0130nsan ay\u0131rt etmek, ya da sevmemek bir&nbsp;tercih&nbsp;midir, yoksa baz\u0131lar\u0131 sadece insan canl\u0131s\u0131 olam\u0131yor mu.? Ya da insanlar bozuldumu..? A\u00e7 g\u00f6zl\u00fcler mi, vicdans\u0131zlarm\u0131, iki y\u00fczl\u00fclermi, hadsizlermi, \u00e7\u0131karc\u0131larm\u0131, bencillermi, d\u00fc\u015f\u00fcncesizlermi, k\u00f6t\u00fc niyetlilermi, hainlermi, k\u0131skan\u00e7larm\u0131, vah\u015filermi, \u00e7okmu h\u0131rsl\u0131lar, fesatlarm\u0131, \u00e7irkeflermi, \u015fuursuzlarm\u0131.? Tart\u0131\u015f\u0131l\u0131r bir &hellip; <a href=\"https:\/\/mehmetmumcu.com\/?p=1364\">Okumaya devam et <span class=\"meta-nav\">&rarr;<\/span><\/a><\/p>\n","protected":false},"author":1,"featured_media":0,"comment_status":"closed","ping_status":"open","sticky":false,"template":"","format":"standard","meta":{"footnotes":""},"categories":[1],"tags":[],"_links":{"self":[{"href":"https:\/\/mehmetmumcu.com\/index.php?rest_route=\/wp\/v2\/posts\/1364"}],"collection":[{"href":"https:\/\/mehmetmumcu.com\/index.php?rest_route=\/wp\/v2\/posts"}],"about":[{"href":"https:\/\/mehmetmumcu.com\/index.php?rest_route=\/wp\/v2\/types\/post"}],"author":[{"embeddable":true,"href":"https:\/\/mehmetmumcu.com\/index.php?rest_route=\/wp\/v2\/users\/1"}],"replies":[{"embeddable":true,"href":"https:\/\/mehmetmumcu.com\/index.php?rest_route=%2Fwp%2Fv2%2Fcomments&post=1364"}],"version-history":[{"count":19,"href":"https:\/\/mehmetmumcu.com\/index.php?rest_route=\/wp\/v2\/posts\/1364\/revisions"}],"predecessor-version":[{"id":1415,"href":"https:\/\/mehmetmumcu.com\/index.php?rest_route=\/wp\/v2\/posts\/1364\/revisions\/1415"}],"wp:attachment":[{"href":"https:\/\/mehmetmumcu.com\/index.php?rest_route=%2Fwp%2Fv2%2Fmedia&parent=1364"}],"wp:term":[{"taxonomy":"category","embeddable":true,"href":"https:\/\/mehmetmumcu.com\/index.php?rest_route=%2Fwp%2Fv2%2Fcategories&post=1364"},{"taxonomy":"post_tag","embeddable":true,"href":"https:\/\/mehmetmumcu.com\/index.php?rest_route=%2Fwp%2Fv2%2Ftags&post=1364"}],"curies":[{"name":"wp","href":"https:\/\/api.w.org\/{rel}","templated":true}]}}