{"id":1661,"date":"2025-04-07T16:18:12","date_gmt":"2025-04-07T13:18:12","guid":{"rendered":"https:\/\/mehmetmumcu.com\/?p=1661"},"modified":"2025-04-07T16:18:12","modified_gmt":"2025-04-07T13:18:12","slug":"devlet-tiyatrosu","status":"publish","type":"post","link":"https:\/\/mehmetmumcu.com\/?p=1661","title":{"rendered":"DEVLET  T\u0130YATROSU"},"content":{"rendered":"\n<p><a href=\"https:\/\/mehmetmumcu.com\/?author=1\">admin<\/a>\u00a0taraf\u0131ndan\u00a0<a href=\"https:\/\/mehmetmumcu.com\/?p=630\">07 Nisan 20<\/a>25\u00a0tarihinde g\u00f6nderildi<\/p>\n\n\n\n<p>Ben Say\u0131n Devlet Bah\u00e7eliyi hi\u00e7 sevmedim, sevemedim, sevmek zorunda\u2019da de\u011filim zaten. Samimiyetinden hep \u015f\u00fcphe ettim,bana hi\u00e7 bir zaman g\u00fcven vermedi. Ger\u00e7i ne g\u00f6rm\u00fc\u015fl\u00fc\u011f\u00fcm var ne\u2019de konu\u015fmu\u015flu\u011fum,\u00a0 Ancak g\u00f6z\u00fcm\u00fcn g\u00f6rd\u00fc\u011f\u00fc kulaklar\u0131m\u0131n duydu\u011fu ger\u00e7ekleri\u2019de ak\u0131l ve vicdan sahibi biri olarak g\u00f6rmeyenlerle ve\u2019de duymayanlar\u2019la da\u00a0 payla\u015famadan yapamayaca\u011f\u0131m.Bu\u2019da demokrasinin gere\u011fi diye d\u00fc\u015f\u00fcn\u00fcyorum\u2026\u00d6ncelikle Say\u0131n Bah\u00e7elinin ve say\u0131n Erdo\u011fan&#8217;\u0131n\u00a0 birbirlerine s\u00f6ylediklerini sizinle payla\u015fmak istedim y\u0131l\u2026 2016  Yan\u0131lm\u0131yorsam Erzurum veya Erzincan konu\u015fmas\u0131, video kay\u0131tlar\u0131 YouTube da mevcuttur. konu\u015fmalara hi\u00e7 bir ilave ekleme yap\u0131lmam\u0131\u015ft\u0131r. <\/p>\n\n\n\n<p><strong>Sn Bah\u00e7eli<\/strong>&nbsp; : Say\u0131n Erdo\u011fan \u015fimdi kulaklar\u0131n\u0131 a\u00e7 ve bizi iyi dinle.Sende \u015feref ve mertlik i\u015fportaya d\u00fc\u015fm\u00fc\u015f,senin yapt\u0131klar\u0131na ancak iblisler te\u015febb\u00fcs edecektir.<\/p>\n\n\n\n<p><strong>Sn Erdo\u011fan<\/strong>&nbsp; : MHP\u2019 nin ba\u015f\u0131ndaki adam \u00e7\u0131k\u0131yor aile nedir bilmez,onun b\u00f6yle bir derdi yok.\u00c7oluk nedir \u00e7ocuk nedir bilmez,konu\u015fuyor.<\/p>\n\n\n\n<p><strong>Sn Bah\u00e7eli&nbsp;<\/strong>&nbsp;&nbsp; : Al\u00e7ak ve \u015ferefsizsin,bu \u015fah\u0131s her g\u00fcn fitne sa\u00e7maktad\u0131r.Her g\u00fcn dedikodu yapmaktad\u0131r,her g\u00fcn yalan dolanla milli vicdan\u0131 sarsmaktad\u0131r.<\/p>\n\n\n\n<p><strong>Sn Erdo\u011fan<\/strong>&nbsp; &nbsp;: MHP genel ba\u015fkan\u0131 kabal\u0131\u011f\u0131yla \u00f6ne ge\u00e7mi\u015ftir.<\/p>\n\n\n\n<p><strong>Sn Bah\u00e7eli<\/strong>&nbsp; &nbsp;: Be\u015f tepe hanedan\u0131 ve AKP y\u00f6netimi aile boyu r\u00fc\u015fvet ve yolsuzluk \u00e7amuruna batm\u0131\u015ft\u0131r .Al\u00e7ak ve \u015ferefsizin..R.T.Erdo\u011fan b\u00fct\u00fcn yetkileri kendinde toplam\u0131\u015f yarg\u0131y\u0131\u2019da kendine ba\u011flam\u0131\u015ft\u0131r. S\u00f6ylediklerinin tamam\u0131 yalan ve aldatmaca\u2019d\u0131r.Ba\u015fkanl\u0131k federasyon demektir,bu da b\u00f6l\u00fcnme demektir..<\/p>\n\n\n\n<p><strong>Sn Erdo\u011fan<\/strong>&nbsp; : Sn Bah\u00e7eli son derece \u00f6fkeli,son derece gergindir.Allah korusun motor su kaynatacak,emekliye ayr\u0131lmas\u0131n\u0131 samimiyetle tavsiye ediyorum.<\/p>\n\n\n\n<p>Hal b\u00f6yle iken.. Ben \u00f6nce Sn Erdo\u011fan\u2019a sormak istiyorum, biri size \u015ferefsiz, al\u00e7ak diyecek ve siz tazminat davas\u0131 a\u00e7mayacaks\u0131n\u0131z \u00e7ok ilgin\u00e7\u2026??\u00a0 \u00a0Sonra Sn Bah\u00e7eliye\u00a0 sormak istiyorum, d\u00fcn s\u00f6yledikleriniz\u2019mi do\u011fru, yoksa bu g\u00fcn yapt\u0131klar\u0131n\u0131z\u2019m\u0131 yanl\u0131\u015f. \u0130nsan ister istemez d\u00fc\u015f\u00fcn\u00fcyor, nas\u0131l bir  T\u0130YATRONUN  i\u00e7indeyiz diye\u2026. En az\u0131ndan benim akl\u0131mla dalga ge\u00e7emiyorsunuz.. Sizlerden ve size oy verenlerden hem daha ak\u0131ll\u0131 oldu\u011fumu, hem\u2019de samimiyetsizlik konusunda ve g\u00fcven konusun\u2019da ne kadar hakl\u0131 oldu\u011fumu d\u00fc\u015f\u00fcn\u00fcyorum, bu sebeple kendimle gurur duyuyorum\u2026<\/p>\n\n\n\n<p>G\u00fczel bir Ata s\u00f6z\u00fc vard\u0131r..<\/p>\n\n\n\n<p><strong>\u00d6n\u00fcn\u00fc arkas\u0131n\u0131 bilmedi\u011fin laflar etmeyeceksin .. Sonra ka\u00e7\u0131rd\u0131\u011f\u0131n ke\u00e7ilere \u00e7obanl\u0131k bile yapamazs\u0131n&#8230;<\/strong><\/p>\n\n\n\n<p>07.N\u0130SAN.2025\u00a0 \u00a0 \u00a0 \u0130STANBUL<\/p>\n\n\n\n<p><\/p>\n","protected":false},"excerpt":{"rendered":"<p>admin\u00a0taraf\u0131ndan\u00a007 Nisan 2025\u00a0tarihinde g\u00f6nderildi Ben Say\u0131n Devlet Bah\u00e7eliyi hi\u00e7 sevmedim, sevemedim, sevmek zorunda\u2019da de\u011filim zaten. Samimiyetinden hep \u015f\u00fcphe ettim,bana hi\u00e7 bir zaman g\u00fcven vermedi. Ger\u00e7i ne g\u00f6rm\u00fc\u015fl\u00fc\u011f\u00fcm var ne\u2019de konu\u015fmu\u015flu\u011fum,\u00a0 Ancak g\u00f6z\u00fcm\u00fcn g\u00f6rd\u00fc\u011f\u00fc kulaklar\u0131m\u0131n duydu\u011fu ger\u00e7ekleri\u2019de ak\u0131l ve vicdan sahibi &hellip; <a href=\"https:\/\/mehmetmumcu.com\/?p=1661\">Okumaya devam et <span class=\"meta-nav\">&rarr;<\/span><\/a><\/p>\n","protected":false},"author":1,"featured_media":0,"comment_status":"closed","ping_status":"open","sticky":false,"template":"","format":"standard","meta":{"footnotes":""},"categories":[1],"tags":[],"_links":{"self":[{"href":"https:\/\/mehmetmumcu.com\/index.php?rest_route=\/wp\/v2\/posts\/1661"}],"collection":[{"href":"https:\/\/mehmetmumcu.com\/index.php?rest_route=\/wp\/v2\/posts"}],"about":[{"href":"https:\/\/mehmetmumcu.com\/index.php?rest_route=\/wp\/v2\/types\/post"}],"author":[{"embeddable":true,"href":"https:\/\/mehmetmumcu.com\/index.php?rest_route=\/wp\/v2\/users\/1"}],"replies":[{"embeddable":true,"href":"https:\/\/mehmetmumcu.com\/index.php?rest_route=%2Fwp%2Fv2%2Fcomments&post=1661"}],"version-history":[{"count":8,"href":"https:\/\/mehmetmumcu.com\/index.php?rest_route=\/wp\/v2\/posts\/1661\/revisions"}],"predecessor-version":[{"id":1731,"href":"https:\/\/mehmetmumcu.com\/index.php?rest_route=\/wp\/v2\/posts\/1661\/revisions\/1731"}],"wp:attachment":[{"href":"https:\/\/mehmetmumcu.com\/index.php?rest_route=%2Fwp%2Fv2%2Fmedia&parent=1661"}],"wp:term":[{"taxonomy":"category","embeddable":true,"href":"https:\/\/mehmetmumcu.com\/index.php?rest_route=%2Fwp%2Fv2%2Fcategories&post=1661"},{"taxonomy":"post_tag","embeddable":true,"href":"https:\/\/mehmetmumcu.com\/index.php?rest_route=%2Fwp%2Fv2%2Ftags&post=1661"}],"curies":[{"name":"wp","href":"https:\/\/api.w.org\/{rel}","templated":true}]}}