{"id":1720,"date":"2025-07-04T14:44:45","date_gmt":"2025-07-04T11:44:45","guid":{"rendered":"https:\/\/mehmetmumcu.com\/?p=1720"},"modified":"2025-08-22T11:54:04","modified_gmt":"2025-08-22T08:54:04","slug":"amiinn","status":"publish","type":"post","link":"https:\/\/mehmetmumcu.com\/?p=1720","title":{"rendered":"AM\u0130\u0130NN &#8230;&#8230;"},"content":{"rendered":"\n<p>Ben \u00fclkemizin her daim dualara ve \u015fansa ihtiyac\u0131 oldu\u011funu d\u00fc\u015f\u00fcn\u00fcyorum..<\/p>\n\n\n\n<p>ALLAHIM ; vatan\u0131m\u0131z\u0131 ve milletimizi i\u00e7 ve d\u0131\u015f d\u00fc\u015fmanlardan koru, birlik ve beraberli\u011fimizi bozma.. Varsa , kendi \u00e7\u0131kar ve menfaatlerini halk\u0131n \u00e7\u0131kar ve menfaatlerinin \u00f6n\u00fcnde tutan , halk\u0131na yalan s\u00f6yleyen , halk\u0131n\u0131 kand\u0131ran , halk\u0131na ihanet eden t\u00fcm i\u015f adamlar\u0131n\u0131 , millet vekillerini b\u00fcrokratlar\u0131 , bakanlar\u0131 , hakimleri , savc\u0131lar\u0131 , din adamlar\u0131n\u0131 , parti mensuplar\u0131n\u0131 , devlet adamlar\u0131n\u0131 ve \u00fclke y\u00f6netiminde s\u00f6z sahibi olan herkesi lanetin le lanetle ve ba\u015f\u0131m\u0131zdan def et.<\/p>\n\n\n\n<p>Bizlere her daim kendi \u00e7\u0131kar ve menfaatlerini halk\u0131n \u00e7\u0131kar ve menfaatlerinin \u00f6n\u00fcnde tutmayan halk\u0131na yalan s\u00f6ylemeyen , halk\u0131n\u0131 kand\u0131rmayan , halk\u0131na ihanet etmeyen, i\u015f adamlar\u0131 , millet vekilleri , b\u00fcrokratlar , bakanlar , din adamlar\u0131 , hakimler , savc\u0131lar , parti mensuplar\u0131 , devlet adamlar\u0131 , vicdanl\u0131 ve adaletli y\u00f6neticiler nasip et &#8230;.<\/p>\n\n\n\n<p>AM\u0130\u0130NN &#8230;<\/p>\n\n\n\n<p><\/p>\n\n\n\n<p>04  TEMMUZ  2025    \u0130STANBUL<\/p>\n\n\n\n<p><\/p>\n\n\n\n<p><\/p>\n","protected":false},"excerpt":{"rendered":"<p>Ben \u00fclkemizin her daim dualara ve \u015fansa ihtiyac\u0131 oldu\u011funu d\u00fc\u015f\u00fcn\u00fcyorum.. ALLAHIM ; vatan\u0131m\u0131z\u0131 ve milletimizi i\u00e7 ve d\u0131\u015f d\u00fc\u015fmanlardan koru, birlik ve beraberli\u011fimizi bozma.. Varsa , kendi \u00e7\u0131kar ve menfaatlerini halk\u0131n \u00e7\u0131kar ve menfaatlerinin \u00f6n\u00fcnde tutan , halk\u0131na yalan s\u00f6yleyen &hellip; <a href=\"https:\/\/mehmetmumcu.com\/?p=1720\">Okumaya devam et <span class=\"meta-nav\">&rarr;<\/span><\/a><\/p>\n","protected":false},"author":1,"featured_media":0,"comment_status":"closed","ping_status":"open","sticky":false,"template":"","format":"standard","meta":{"footnotes":""},"categories":[1],"tags":[],"_links":{"self":[{"href":"https:\/\/mehmetmumcu.com\/index.php?rest_route=\/wp\/v2\/posts\/1720"}],"collection":[{"href":"https:\/\/mehmetmumcu.com\/index.php?rest_route=\/wp\/v2\/posts"}],"about":[{"href":"https:\/\/mehmetmumcu.com\/index.php?rest_route=\/wp\/v2\/types\/post"}],"author":[{"embeddable":true,"href":"https:\/\/mehmetmumcu.com\/index.php?rest_route=\/wp\/v2\/users\/1"}],"replies":[{"embeddable":true,"href":"https:\/\/mehmetmumcu.com\/index.php?rest_route=%2Fwp%2Fv2%2Fcomments&post=1720"}],"version-history":[{"count":11,"href":"https:\/\/mehmetmumcu.com\/index.php?rest_route=\/wp\/v2\/posts\/1720\/revisions"}],"predecessor-version":[{"id":1778,"href":"https:\/\/mehmetmumcu.com\/index.php?rest_route=\/wp\/v2\/posts\/1720\/revisions\/1778"}],"wp:attachment":[{"href":"https:\/\/mehmetmumcu.com\/index.php?rest_route=%2Fwp%2Fv2%2Fmedia&parent=1720"}],"wp:term":[{"taxonomy":"category","embeddable":true,"href":"https:\/\/mehmetmumcu.com\/index.php?rest_route=%2Fwp%2Fv2%2Fcategories&post=1720"},{"taxonomy":"post_tag","embeddable":true,"href":"https:\/\/mehmetmumcu.com\/index.php?rest_route=%2Fwp%2Fv2%2Ftags&post=1720"}],"curies":[{"name":"wp","href":"https:\/\/api.w.org\/{rel}","templated":true}]}}