{"id":1736,"date":"2025-05-15T00:41:02","date_gmt":"2025-05-14T21:41:02","guid":{"rendered":"https:\/\/mehmetmumcu.com\/?p=1736"},"modified":"2025-05-15T21:41:46","modified_gmt":"2025-05-15T18:41:46","slug":"malumun-ilami","status":"publish","type":"post","link":"https:\/\/mehmetmumcu.com\/?p=1736","title":{"rendered":"NEREDEN  NEREYE"},"content":{"rendered":"\n<p>&nbsp;Memleketin d\u00e2hilinde iktidara sahip olanlar, gaflet ve dalalet ve hatta h\u0131yanet i\u00e7inde bulunabilirler.&nbsp;Hatta bu iktidar sahipleri, \u015fahsi menfaatlerini m\u00fcstevlilerin siyasi emelleriyle tevhit edebilirler. <\/p>\n\n\n\n<p>ATAT\u00dcRK y\u00fcz y\u0131l \u00f6nce bu g\u00fcn olabilecekleri g\u00f6rm\u00fc\u015f ba\u015f\u0131m\u0131za gelebilecekleri bize anlatm\u0131\u015f ve bizleri uyarm\u0131\u015f&#8230;<\/p>\n\n\n\n<p>Kendi i\u00e7inde bizimki kadar \u00e7ok hain yeti\u015ftiren ba\u015fka bir \u00fclke yoktur..<\/p>\n\n\n\n<p>Bir \u00fclkede namuslular namussuzlar kadar cesur olmad\u0131k\u00e7a o memlekete kurtulu\u015f yoktur.. <\/p>\n\n\n\n<p>Bu c\u00fcmleleri de ikinci Cumhurba\u015fkan\u0131 \u0130smet \u0130n\u00f6n\u00fc s\u00f6ylemi\u015f dikkatli olun demi\u015f..<\/p>\n\n\n\n<p>\u00d6yle puslu ki hava \u015feytan bile m\u00fcsl\u00fcman mintan\u0131 giyiyor..    <\/p>\n\n\n\n<p>Bu da  Kaz\u0131m  Karabekir pa\u015fadan.. <\/p>\n\n\n\n<p>Hepsi de ne kadar do\u011fru s\u00f6ylemi\u015f..Sanki bu g\u00fcnleri tarif etmi\u015fler &#8230;. Ama bizde halen t\u0131k yok<\/p>\n\n\n\n<p>Ahlak\u0131n, adaletin, vicdan\u0131n, insanl\u0131\u011f\u0131n terk etti\u011fi bu \u00fclkede ele\u015ftirmeden, sorgulamadan, biat etti\u011fin s\u00fcrece hakk\u0131nda soru\u015fturma a\u00e7\u0131lmadan \u00f6zg\u00fcrce ya\u015fayabilirsin &#8230;. Nereden nereye &#8230;. <\/p>\n\n\n\n<p><\/p>\n\n\n\n<p><strong>Herkes de bir maske merak\u0131 kimsenin kendi olmaya cesareti yok&#8230;.<\/strong> <\/p>\n\n\n\n<p>15 . MAYIS . 2025  BODRUM<\/p>\n\n\n\n<p><\/p>\n\n\n\n<p><\/p>\n","protected":false},"excerpt":{"rendered":"<p>&nbsp;Memleketin d\u00e2hilinde iktidara sahip olanlar, gaflet ve dalalet ve hatta h\u0131yanet i\u00e7inde bulunabilirler.&nbsp;Hatta bu iktidar sahipleri, \u015fahsi menfaatlerini m\u00fcstevlilerin siyasi emelleriyle tevhit edebilirler. ATAT\u00dcRK y\u00fcz y\u0131l \u00f6nce bu g\u00fcn olabilecekleri g\u00f6rm\u00fc\u015f ba\u015f\u0131m\u0131za gelebilecekleri bize anlatm\u0131\u015f ve bizleri uyarm\u0131\u015f&#8230; Kendi i\u00e7inde &hellip; <a href=\"https:\/\/mehmetmumcu.com\/?p=1736\">Okumaya devam et <span class=\"meta-nav\">&rarr;<\/span><\/a><\/p>\n","protected":false},"author":1,"featured_media":0,"comment_status":"closed","ping_status":"open","sticky":false,"template":"","format":"standard","meta":{"footnotes":""},"categories":[1],"tags":[],"_links":{"self":[{"href":"https:\/\/mehmetmumcu.com\/index.php?rest_route=\/wp\/v2\/posts\/1736"}],"collection":[{"href":"https:\/\/mehmetmumcu.com\/index.php?rest_route=\/wp\/v2\/posts"}],"about":[{"href":"https:\/\/mehmetmumcu.com\/index.php?rest_route=\/wp\/v2\/types\/post"}],"author":[{"embeddable":true,"href":"https:\/\/mehmetmumcu.com\/index.php?rest_route=\/wp\/v2\/users\/1"}],"replies":[{"embeddable":true,"href":"https:\/\/mehmetmumcu.com\/index.php?rest_route=%2Fwp%2Fv2%2Fcomments&post=1736"}],"version-history":[{"count":11,"href":"https:\/\/mehmetmumcu.com\/index.php?rest_route=\/wp\/v2\/posts\/1736\/revisions"}],"predecessor-version":[{"id":1751,"href":"https:\/\/mehmetmumcu.com\/index.php?rest_route=\/wp\/v2\/posts\/1736\/revisions\/1751"}],"wp:attachment":[{"href":"https:\/\/mehmetmumcu.com\/index.php?rest_route=%2Fwp%2Fv2%2Fmedia&parent=1736"}],"wp:term":[{"taxonomy":"category","embeddable":true,"href":"https:\/\/mehmetmumcu.com\/index.php?rest_route=%2Fwp%2Fv2%2Fcategories&post=1736"},{"taxonomy":"post_tag","embeddable":true,"href":"https:\/\/mehmetmumcu.com\/index.php?rest_route=%2Fwp%2Fv2%2Ftags&post=1736"}],"curies":[{"name":"wp","href":"https:\/\/api.w.org\/{rel}","templated":true}]}}