{"id":630,"date":"2019-04-13T14:30:53","date_gmt":"2019-04-13T11:30:53","guid":{"rendered":"http:\/\/mehmetmumcu.com\/?p=630"},"modified":"2020-02-21T12:45:28","modified_gmt":"2020-02-21T09:45:28","slug":"devlet-bahceli","status":"publish","type":"post","link":"https:\/\/mehmetmumcu.com\/?p=630","title":{"rendered":"DEVLET  BAH\u00c7EL\u0130"},"content":{"rendered":"<p>Ben Say\u0131n Devlet Bah\u00e7eliyi hi\u00e7 sevmedim, sevemedim, sevmek zorunda&#8217;da de\u011filim zaten, samimiyetinden hep \u015f\u00fcphe ettim,bana hi\u00e7 bir zaman g\u00fcven vermedi. Ama sayg\u0131 duymak zorunda oldu\u011fumun fark\u0131nday\u0131m , ger\u00e7i ne g\u00f6rm\u00fc\u015fl\u00fc\u011f\u00fcm var ne&#8217;de konu\u015fmu\u015flu\u011fum,\u00a0 Ancak g\u00f6rd\u00fc\u011f\u00fcm ger\u00e7ekleri&#8217;de ak\u0131l ve vicdan sahibi biri olarak g\u00f6rmeyenlerle ve&#8217;de duymayanlar&#8217;lada\u00a0 payla\u015famadan yapamayaca\u011f\u0131m.Bu&#8217;da demokrasinin gere\u011fi diye d\u00fc\u015f\u00fcn\u00fcyorum&#8230;\u00d6ncelikle Say\u0131n Bah\u00e7elinin ve say\u0131n Erdo\u011fan&#8217;\u0131n\u00a0 birbirlerine s\u00f6ylediklerini sizinle payla\u015fmak istedim y\u0131l&#8230; 2016 ( video kay\u0131tlar\u0131 mevcuttur konu\u015fmalara hi\u00e7 bir ilave ekleme yap\u0131lmam\u0131\u015ft\u0131r )<\/p>\n<p><strong>Sn Bah\u00e7eli<\/strong>\u00a0 : Say\u0131n Erdo\u011fan \u015fimdi kulaklar\u0131n\u0131 a\u00e7 ve bizi iyi dinle.Sende \u015feref ve mertlik i\u015fportaya d\u00fc\u015fm\u00fc\u015f,senin yapt\u0131klar\u0131na ancak iblisler te\u015febb\u00fcs edecektir.<\/p>\n<p><strong>Sn Erdo\u011fan<\/strong>\u00a0 : MHP&#8217; nin ba\u015f\u0131ndaki adam \u00e7\u0131k\u0131yor aile nedir bilmez,onun b\u00f6yle bir derdi yok.\u00c7oluk nedir \u00e7ocuk nedir bilmez,konu\u015fuyor.<\/p>\n<p><strong>Sn Bah\u00e7eli\u00a0<\/strong> \u00a0 : Al\u00e7ak ve \u015ferefsizsin,bu \u015fah\u0131s her g\u00fcn fitne sa\u00e7maktad\u0131r.Her g\u00fcn dedikodu yapmaktad\u0131r,her g\u00fcn yalan dolanla milli vicdan\u0131 sarsmaktad\u0131r.<\/p>\n<p><strong>Sn Erdo\u011fan<\/strong>\u00a0 \u00a0: MHP genel ba\u015fkan\u0131 kabal\u0131\u011f\u0131yla \u00f6ne ge\u00e7mi\u015ftir.<\/p>\n<p><strong>Sn Bah\u00e7eli<\/strong>\u00a0 \u00a0: Be\u015f tepe hanedan\u0131 ve AKP y\u00f6netimi aile boyu r\u00fc\u015fvet ve yolsuzluk \u00e7amuruna batm\u0131\u015ft\u0131r .Al\u00e7ak ve \u015ferefsizin..R.T.Erdo\u011fan b\u00fct\u00fcn yetkileri kendinde toplam\u0131\u015f yarg\u0131y\u0131&#8217;da kendine ba\u011flam\u0131\u015ft\u0131r. S\u00f6ylediklerinin tamam\u0131 yalan ve aldatmaca&#8217;d\u0131r.Ba\u015fkanl\u0131k federasyon demektir,bu da b\u00f6l\u00fcnme demektir..<\/p>\n<p><strong>Sn Erdo\u011fan<\/strong>\u00a0 : Sn Bah\u00e7eli son derece \u00f6fkeli,son derece gergindir.Allah korusun motor su kaynatacak,emekliye ayr\u0131lmas\u0131n\u0131 samimiyetle tavsiye ediyorum.<\/p>\n<p>Hal b\u00f6yle iken.. Ben \u00f6nce Sn Erdo\u011fan&#8217;a sormak istiyorum, biri size \u015ferefsiz, al\u00e7ak diyecek ve siz tazminat davas\u0131 a\u00e7mayacaks\u0131n\u0131z \u00e7ok ilgin\u00e7&#8230;??\u00a0 \u00a0Sonra Sn Bah\u00e7eliye\u00a0 sormak istiyorum, d\u00fcn s\u00f6yledikleriniz&#8217;mi do\u011fru, yoksa bu g\u00fcn yapt\u0131klar\u0131n\u0131z&#8217;m\u0131 yanl\u0131\u015f. \u0130nsan ister istemez d\u00fc\u015f\u00fcn\u00fcyor, nas\u0131l bir tiyatronun i\u00e7indeyiz diye&#8230;. En az\u0131ndan benim akl\u0131mla dalga ge\u00e7emiyorsunuz.. Sizlerden ve size oy verenlerden hem daha ak\u0131ll\u0131 oldu\u011fumu, hem&#8217;de samimiyetsizlik konusunda ve g\u00fcven konusun&#8217;da ne kadar hakl\u0131 oldu\u011fumu d\u00fc\u015f\u00fcn\u00fcyorum, bu sebeple kendimle gurur duyuyorum&#8230;<\/p>\n<p>\u00d6n\u00fcn\u00fc arkas\u0131n\u0131 bilmedi\u011fin laf etmeyeceksin ..<\/p>\n<p>13.N\u0130SAN.2019\u00a0 \u00a0 \u00a0 \u0130STANBUL<\/p>\n","protected":false},"excerpt":{"rendered":"<p>Ben Say\u0131n Devlet Bah\u00e7eliyi hi\u00e7 sevmedim, sevemedim, sevmek zorunda&#8217;da de\u011filim zaten, samimiyetinden hep \u015f\u00fcphe ettim,bana hi\u00e7 bir zaman g\u00fcven vermedi. Ama sayg\u0131 duymak zorunda oldu\u011fumun fark\u0131nday\u0131m , ger\u00e7i ne g\u00f6rm\u00fc\u015fl\u00fc\u011f\u00fcm var ne&#8217;de konu\u015fmu\u015flu\u011fum,\u00a0 Ancak g\u00f6rd\u00fc\u011f\u00fcm ger\u00e7ekleri&#8217;de ak\u0131l ve vicdan sahibi &hellip; <a href=\"https:\/\/mehmetmumcu.com\/?p=630\">Okumaya devam et <span class=\"meta-nav\">&rarr;<\/span><\/a><\/p>\n","protected":false},"author":1,"featured_media":0,"comment_status":"open","ping_status":"open","sticky":false,"template":"","format":"standard","meta":{"footnotes":""},"categories":[1],"tags":[],"_links":{"self":[{"href":"https:\/\/mehmetmumcu.com\/index.php?rest_route=\/wp\/v2\/posts\/630"}],"collection":[{"href":"https:\/\/mehmetmumcu.com\/index.php?rest_route=\/wp\/v2\/posts"}],"about":[{"href":"https:\/\/mehmetmumcu.com\/index.php?rest_route=\/wp\/v2\/types\/post"}],"author":[{"embeddable":true,"href":"https:\/\/mehmetmumcu.com\/index.php?rest_route=\/wp\/v2\/users\/1"}],"replies":[{"embeddable":true,"href":"https:\/\/mehmetmumcu.com\/index.php?rest_route=%2Fwp%2Fv2%2Fcomments&post=630"}],"version-history":[{"count":26,"href":"https:\/\/mehmetmumcu.com\/index.php?rest_route=\/wp\/v2\/posts\/630\/revisions"}],"predecessor-version":[{"id":1106,"href":"https:\/\/mehmetmumcu.com\/index.php?rest_route=\/wp\/v2\/posts\/630\/revisions\/1106"}],"wp:attachment":[{"href":"https:\/\/mehmetmumcu.com\/index.php?rest_route=%2Fwp%2Fv2%2Fmedia&parent=630"}],"wp:term":[{"taxonomy":"category","embeddable":true,"href":"https:\/\/mehmetmumcu.com\/index.php?rest_route=%2Fwp%2Fv2%2Fcategories&post=630"},{"taxonomy":"post_tag","embeddable":true,"href":"https:\/\/mehmetmumcu.com\/index.php?rest_route=%2Fwp%2Fv2%2Ftags&post=630"}],"curies":[{"name":"wp","href":"https:\/\/api.w.org\/{rel}","templated":true}]}}